{"id":151,"date":"2025-03-07T11:11:44","date_gmt":"2025-03-07T10:11:44","guid":{"rendered":"https:\/\/pmjecken.de\/?p=151"},"modified":"2025-03-07T11:11:44","modified_gmt":"2025-03-07T10:11:44","slug":"vielen-dank-fuer-den-tollen-karneval-2025","status":"publish","type":"post","link":"https:\/\/pmjecken.de\/?p=151","title":{"rendered":"Vielen Dank f\u00fcr den tollen Karneval 2025"},"content":{"rendered":"\n<p>Die Paulsm\u00fchler Jecken hatten 2 wundervolle, sonnige Tage in 2 Karnevalsz\u00fcgen.<\/p>\n\n\n\n<figure class=\"wp-block-gallery has-nested-images columns-default is-cropped wp-block-gallery-1 is-layout-flex wp-block-gallery-is-layout-flex\">\n<figure class=\"wp-block-image size-large\"><img loading=\"lazy\" decoding=\"async\" width=\"1024\" height=\"839\" data-id=\"157\" src=\"https:\/\/pmjecken.de\/wp-content\/uploads\/2025\/03\/628b1aef-29a6-42a5-adb8-51bb4b255ad6-1024x839.jpeg\" alt=\"\" class=\"wp-image-157\" srcset=\"https:\/\/pmjecken.de\/wp-content\/uploads\/2025\/03\/628b1aef-29a6-42a5-adb8-51bb4b255ad6-1024x839.jpeg 1024w, https:\/\/pmjecken.de\/wp-content\/uploads\/2025\/03\/628b1aef-29a6-42a5-adb8-51bb4b255ad6-300x246.jpeg 300w, https:\/\/pmjecken.de\/wp-content\/uploads\/2025\/03\/628b1aef-29a6-42a5-adb8-51bb4b255ad6-768x629.jpeg 768w, https:\/\/pmjecken.de\/wp-content\/uploads\/2025\/03\/628b1aef-29a6-42a5-adb8-51bb4b255ad6-850x697.jpeg 850w, https:\/\/pmjecken.de\/wp-content\/uploads\/2025\/03\/628b1aef-29a6-42a5-adb8-51bb4b255ad6.jpeg 1125w\" sizes=\"auto, (max-width: 1024px) 100vw, 1024px\" \/><\/figure>\n<\/figure>\n\n\n\n<p>Das <strong>Heimspiel<\/strong> am <strong>Karnevalssamstag<\/strong>, der Zug durch die Paulsm\u00fchle, war herrlich. Mit <strong>18 Gruppen<\/strong> im Zug (so gro\u00df wie noch nie!) ging der Zug an den Start. Angef\u00fchrt durch den Schutzmann, gefolgt von der <strong>Kindertanzgarde der Paulsm\u00fchler Jecken<\/strong>, ging es auf die gro\u00dfartig gef\u00fcllte Paulsm\u00fchlenstra\u00dfe,\u00a0insbesondere vor dem Bunker. Das war ein guter Anfang.\u00a0<\/p>\n\n\n\n<p>Was uns aber wirklich erstaunen lie\u00df, waren die sehr gut besuchten weiteren Stra\u00dfen durch die Paulsm\u00fchle. Alle waren gut drauf und jeder hatte Spa\u00df!<\/p>\n\n\n\n<p>Wir bedanken uns bei allen, die diesen Zug m\u00f6glich gemacht haben. Von der <strong>Organisation<\/strong> \u00fcber den <strong>Wagenbau<\/strong> bis zu den <strong>Sponsoren<\/strong> und <strong>Spendern<\/strong>.<\/p>\n\n\n\n<p><strong>Kleiner Zwischen Aufruf:<\/strong> Es ist verdammt viel Arbeit das alles zu stemmen. Wir sind leider ein kleines, aber gro\u00dfartiges Team. Wer helfen m\u00f6chte, ist gerne eingeladen. Sprech uns an! (<a href=\"https:\/\/pmjecken.de\/?page_id=83\">Kontakt<\/a>)<\/p>\n\n\n\n<hr class=\"wp-block-separator has-alpha-channel-opacity\"\/>\n\n\n\n<p>Damit aber noch nicht genug!<\/p>\n\n\n\n<p>Am Karnevalssonntag ging es zu\u00a0unseren Freunden, den <a href=\"https:\/\/reisholzerquatschkoepp.de\/\">Reisholzer Quatschk\u00f6pp<\/a> nach Hassels\/Reisholz. Die Paulsm\u00fchler Jecken sind dort ebenfalls wieder im Zug mit gefahren.<\/p>\n\n\n\n<figure class=\"wp-block-image size-large\"><img loading=\"lazy\" decoding=\"async\" width=\"953\" height=\"1024\" src=\"https:\/\/pmjecken.de\/wp-content\/uploads\/2025\/03\/20250302_145729-953x1024.jpg\" alt=\"\" class=\"wp-image-158\" srcset=\"https:\/\/pmjecken.de\/wp-content\/uploads\/2025\/03\/20250302_145729-953x1024.jpg 953w, https:\/\/pmjecken.de\/wp-content\/uploads\/2025\/03\/20250302_145729-279x300.jpg 279w, https:\/\/pmjecken.de\/wp-content\/uploads\/2025\/03\/20250302_145729-768x825.jpg 768w, https:\/\/pmjecken.de\/wp-content\/uploads\/2025\/03\/20250302_145729-1429x1536.jpg 1429w, https:\/\/pmjecken.de\/wp-content\/uploads\/2025\/03\/20250302_145729-300x322.jpg 300w, https:\/\/pmjecken.de\/wp-content\/uploads\/2025\/03\/20250302_145729-850x913.jpg 850w, https:\/\/pmjecken.de\/wp-content\/uploads\/2025\/03\/20250302_145729.jpg 1650w\" sizes=\"auto, (max-width: 953px) 100vw, 953px\" \/><\/figure>\n\n\n\n<p>Die hervorragende Organisation hat es uns leicht gemacht, auch dort riesigen Spa\u00df zu haben und am Schluss noch am Prinzenpaar vorbei zu ziehen.<\/p>\n\n\n\n<p>Vielen Dank, dass wir dabei sein durften.<\/p>\n\n\n\n<figure class=\"wp-block-image size-large\"><img loading=\"lazy\" decoding=\"async\" width=\"1024\" height=\"559\" src=\"https:\/\/pmjecken.de\/wp-content\/uploads\/2025\/03\/20250302_144642-1024x559.jpg\" alt=\"\" class=\"wp-image-160\" srcset=\"https:\/\/pmjecken.de\/wp-content\/uploads\/2025\/03\/20250302_144642-1024x559.jpg 1024w, https:\/\/pmjecken.de\/wp-content\/uploads\/2025\/03\/20250302_144642-300x164.jpg 300w, https:\/\/pmjecken.de\/wp-content\/uploads\/2025\/03\/20250302_144642-768x420.jpg 768w, https:\/\/pmjecken.de\/wp-content\/uploads\/2025\/03\/20250302_144642-1536x839.jpg 1536w, https:\/\/pmjecken.de\/wp-content\/uploads\/2025\/03\/20250302_144642-2048x1119.jpg 2048w, https:\/\/pmjecken.de\/wp-content\/uploads\/2025\/03\/20250302_144642-850x464.jpg 850w\" sizes=\"auto, (max-width: 1024px) 100vw, 1024px\" \/><\/figure>\n\n\n\n<p>Wir g\u00f6nnen uns noch ein paar Tage Ruhe. Aber dann geht es weiter.<\/p>\n\n\n\n<p><strong>Die Planung f\u00fcr 2026 startet und es kommen noch ein paar Events in den Bunker.<\/strong><\/p>\n\n\n\n<p><strong>Mehr dazu, k\u00f6nnt ihr dann hier auf der Seite<\/strong> <strong>lesen<\/strong>.<\/p>\n\n\n\n<p><\/p>\n","protected":false},"excerpt":{"rendered":"<p>Die Paulsm\u00fchler Jecken hatten 2 wundervolle, sonnige Tage in 2 Karnevalsz\u00fcgen. Das Heimspiel am Karnevalssamstag, der Zug durch die Paulsm\u00fchle, war herrlich. Mit 18 Gruppen im Zug (so gro\u00df wie&#8230;<\/p>\n","protected":false},"author":3,"featured_media":163,"comment_status":"open","ping_status":"open","sticky":false,"template":"","format":"standard","meta":{"footnotes":""},"categories":[1],"tags":[],"class_list":["post-151","post","type-post","status-publish","format-standard","has-post-thumbnail","hentry","category-allgemein"],"_links":{"self":[{"href":"https:\/\/pmjecken.de\/index.php?rest_route=\/wp\/v2\/posts\/151","targetHints":{"allow":["GET"]}}],"collection":[{"href":"https:\/\/pmjecken.de\/index.php?rest_route=\/wp\/v2\/posts"}],"about":[{"href":"https:\/\/pmjecken.de\/index.php?rest_route=\/wp\/v2\/types\/post"}],"author":[{"embeddable":true,"href":"https:\/\/pmjecken.de\/index.php?rest_route=\/wp\/v2\/users\/3"}],"replies":[{"embeddable":true,"href":"https:\/\/pmjecken.de\/index.php?rest_route=%2Fwp%2Fv2%2Fcomments&post=151"}],"version-history":[{"count":7,"href":"https:\/\/pmjecken.de\/index.php?rest_route=\/wp\/v2\/posts\/151\/revisions"}],"predecessor-version":[{"id":154,"href":"https:\/\/pmjecken.de\/index.php?rest_route=\/wp\/v2\/posts\/151\/revisions\/154"}],"wp:featuredmedia":[{"embeddable":true,"href":"https:\/\/pmjecken.de\/index.php?rest_route=\/wp\/v2\/media\/163"}],"wp:attachment":[{"href":"https:\/\/pmjecken.de\/index.php?rest_route=%2Fwp%2Fv2%2Fmedia&parent=151"}],"wp:term":[{"taxonomy":"category","embeddable":true,"href":"https:\/\/pmjecken.de\/index.php?rest_route=%2Fwp%2Fv2%2Fcategories&post=151"},{"taxonomy":"post_tag","embeddable":true,"href":"https:\/\/pmjecken.de\/index.php?rest_route=%2Fwp%2Fv2%2Ftags&post=151"}],"curies":[{"name":"wp","href":"https:\/\/api.w.org\/{rel}","templated":true}]}}