{"id":216,"date":"2025-07-04T12:25:57","date_gmt":"2025-07-04T10:25:57","guid":{"rendered":"https:\/\/pmjecken.de\/?p=216"},"modified":"2025-07-04T12:25:57","modified_gmt":"2025-07-04T10:25:57","slug":"benrather-schuetzenfest-2025","status":"publish","type":"post","link":"https:\/\/pmjecken.de\/?p=216","title":{"rendered":"Benrather Sch\u00fctzenfest 2025"},"content":{"rendered":"\n<p>Unsere Freunde der Benrather Sch\u00fctzen haben dieses Wochenende ihren feierlichen H\u00f6hepunkt.<\/p>\n\n\n\n<div class=\"wp-block-group\"><div class=\"wp-block-group__inner-container is-layout-constrained wp-block-group-is-layout-constrained\">\n<p>Das Sch\u00fctzenfest startet heute, am Freitag, den 04.07.2025 und geht bis Dienstag.<\/p>\n\n\n\n<p>Es gibt viele verschiedene Programmpunkte. Die Parade am Schloss Benrath sollte man nicht verpassen.<\/p>\n\n\n\n<p>Partyzentrum ist das Eventcenter an der Bayreutherstra\u00dfe (Tr\u00f6delplatz).<\/p>\n\n\n\n<p>Seid dabei!\u00a0\u00a0<\/p>\n<\/div><\/div>\n\n\n\n<figure class=\"wp-block-image size-large\"><img loading=\"lazy\" decoding=\"async\" width=\"726\" height=\"1024\" src=\"https:\/\/pmjecken.de\/wp-content\/uploads\/2025\/07\/WhatsApp-Image-2025-07-03-at-19.07.05-726x1024.jpeg\" alt=\"\" class=\"wp-image-217\"\/><\/figure>\n","protected":false},"excerpt":{"rendered":"<p>Unsere Freunde der Benrather Sch\u00fctzen haben dieses Wochenende ihren feierlichen H\u00f6hepunkt. Das Sch\u00fctzenfest startet heute, am Freitag, den 04.07.2025 und geht bis Dienstag. Es gibt viele verschiedene Programmpunkte. Die Parade&#8230;<\/p>\n","protected":false},"author":3,"featured_media":217,"comment_status":"open","ping_status":"open","sticky":false,"template":"","format":"standard","meta":{"footnotes":""},"categories":[1],"tags":[],"class_list":["post-216","post","type-post","status-publish","format-standard","has-post-thumbnail","hentry","category-allgemein"],"_links":{"self":[{"href":"https:\/\/pmjecken.de\/index.php?rest_route=\/wp\/v2\/posts\/216","targetHints":{"allow":["GET"]}}],"collection":[{"href":"https:\/\/pmjecken.de\/index.php?rest_route=\/wp\/v2\/posts"}],"about":[{"href":"https:\/\/pmjecken.de\/index.php?rest_route=\/wp\/v2\/types\/post"}],"author":[{"embeddable":true,"href":"https:\/\/pmjecken.de\/index.php?rest_route=\/wp\/v2\/users\/3"}],"replies":[{"embeddable":true,"href":"https:\/\/pmjecken.de\/index.php?rest_route=%2Fwp%2Fv2%2Fcomments&post=216"}],"version-history":[{"count":1,"href":"https:\/\/pmjecken.de\/index.php?rest_route=\/wp\/v2\/posts\/216\/revisions"}],"predecessor-version":[{"id":218,"href":"https:\/\/pmjecken.de\/index.php?rest_route=\/wp\/v2\/posts\/216\/revisions\/218"}],"wp:featuredmedia":[{"embeddable":true,"href":"https:\/\/pmjecken.de\/index.php?rest_route=\/wp\/v2\/media\/217"}],"wp:attachment":[{"href":"https:\/\/pmjecken.de\/index.php?rest_route=%2Fwp%2Fv2%2Fmedia&parent=216"}],"wp:term":[{"taxonomy":"category","embeddable":true,"href":"https:\/\/pmjecken.de\/index.php?rest_route=%2Fwp%2Fv2%2Fcategories&post=216"},{"taxonomy":"post_tag","embeddable":true,"href":"https:\/\/pmjecken.de\/index.php?rest_route=%2Fwp%2Fv2%2Ftags&post=216"}],"curies":[{"name":"wp","href":"https:\/\/api.w.org\/{rel}","templated":true}]}}