{"id":325,"date":"2025-11-19T13:52:05","date_gmt":"2025-11-19T12:52:05","guid":{"rendered":"https:\/\/pmjecken.de\/?p=325"},"modified":"2025-11-19T13:52:05","modified_gmt":"2025-11-19T12:52:05","slug":"nikolaus-party-2025","status":"publish","type":"post","link":"https:\/\/pmjecken.de\/?p=325","title":{"rendered":"Nikolaus Party 2025"},"content":{"rendered":"\n<p>\ud83c\udf85 Die Nikolaus-Party im Bunker steht an! \ud83c\udf84<br>Die Weihnachtszeit klopft schon an die T\u00fcr \u2013 und wie jedes Jahr feiern wir am Nikolaustag unsere legend\u00e4re Nikolaus Party im Bunker!<\/p>\n\n\n\n<p>\ud83c\udfb8 Live on Stage: Retro<br>\ud83c\udfa7 Vorher, zwischendurch &amp; danach: Unser DJ sorgt f\u00fcr den perfekten Mix.<\/p>\n\n\n\n<p>Erlebt den neuen Look des Bunkers, genie\u00dft gute Drinks, gro\u00dfartige Musik und feiert mit uns bis sp\u00e4t in die Nacht!<\/p>\n\n\n\n<p>\ud83d\udd25 Sichert euch jetzt eure Tickets online:<br>\ud83d\udc49 <a href=\"http:\/\/karten.pmjecken.de\">karten.pmjecken.de<\/a><\/p>\n\n\n\n<figure class=\"wp-block-gallery has-nested-images columns-default is-cropped wp-block-gallery-1 is-layout-flex wp-block-gallery-is-layout-flex\">\n<figure class=\"wp-block-image size-large\"><img decoding=\"async\" data-id=\"326\" src=\"https:\/\/pmjecken.de\/wp-content\/uploads\/2025\/11\/2025_NikolausParty_Plakat-BackToThe80s-728x1024.jpg\" alt=\"\" class=\"wp-image-326\"\/><\/figure>\n<\/figure>\n","protected":false},"excerpt":{"rendered":"<p>\ud83c\udf85 Die Nikolaus-Party im Bunker steht an! \ud83c\udf84Die Weihnachtszeit klopft schon an die T\u00fcr \u2013 und wie jedes Jahr feiern wir am Nikolaustag unsere legend\u00e4re Nikolaus Party im Bunker! \ud83c\udfb8&#8230;<\/p>\n","protected":false},"author":3,"featured_media":326,"comment_status":"open","ping_status":"open","sticky":false,"template":"","format":"standard","meta":{"footnotes":""},"categories":[1],"tags":[],"class_list":["post-325","post","type-post","status-publish","format-standard","has-post-thumbnail","hentry","category-allgemein"],"_links":{"self":[{"href":"https:\/\/pmjecken.de\/index.php?rest_route=\/wp\/v2\/posts\/325","targetHints":{"allow":["GET"]}}],"collection":[{"href":"https:\/\/pmjecken.de\/index.php?rest_route=\/wp\/v2\/posts"}],"about":[{"href":"https:\/\/pmjecken.de\/index.php?rest_route=\/wp\/v2\/types\/post"}],"author":[{"embeddable":true,"href":"https:\/\/pmjecken.de\/index.php?rest_route=\/wp\/v2\/users\/3"}],"replies":[{"embeddable":true,"href":"https:\/\/pmjecken.de\/index.php?rest_route=%2Fwp%2Fv2%2Fcomments&post=325"}],"version-history":[{"count":1,"href":"https:\/\/pmjecken.de\/index.php?rest_route=\/wp\/v2\/posts\/325\/revisions"}],"predecessor-version":[{"id":327,"href":"https:\/\/pmjecken.de\/index.php?rest_route=\/wp\/v2\/posts\/325\/revisions\/327"}],"wp:featuredmedia":[{"embeddable":true,"href":"https:\/\/pmjecken.de\/index.php?rest_route=\/wp\/v2\/media\/326"}],"wp:attachment":[{"href":"https:\/\/pmjecken.de\/index.php?rest_route=%2Fwp%2Fv2%2Fmedia&parent=325"}],"wp:term":[{"taxonomy":"category","embeddable":true,"href":"https:\/\/pmjecken.de\/index.php?rest_route=%2Fwp%2Fv2%2Fcategories&post=325"},{"taxonomy":"post_tag","embeddable":true,"href":"https:\/\/pmjecken.de\/index.php?rest_route=%2Fwp%2Fv2%2Ftags&post=325"}],"curies":[{"name":"wp","href":"https:\/\/api.w.org\/{rel}","templated":true}]}}