{"id":52,"date":"2025-02-11T15:42:13","date_gmt":"2025-02-11T14:42:13","guid":{"rendered":"https:\/\/pmjecken.de\/?p=52"},"modified":"2025-02-25T09:30:15","modified_gmt":"2025-02-25T08:30:15","slug":"veedelszoch-in-der-paulsmuehle","status":"publish","type":"post","link":"https:\/\/pmjecken.de\/?p=52","title":{"rendered":"Veedelszoch in der Paulsm\u00fchle"},"content":{"rendered":"\n<div class=\"wp-block-group\"><div class=\"wp-block-group__inner-container is-layout-constrained wp-block-group-is-layout-constrained\">\n<p>Am 01.03.2025 ist es wieder soweit! <\/p>\n\n\n\n<p>Ab 11 Uhr beginnt die Party vor dem Bunker, eher dann um 14:11 Uhr der Zug \u00fcber die Paulsm\u00fchlenstra\u00dfe sich auf seinen Weg begibt.<\/p>\n\n\n\n<p>Wegstrecke siehe Plakat.<\/p>\n\n\n\n<p>Es wird gebeten, alle Zuschauer gen\u00fcgen Abstand zum Zug haben, dass alle Teilnehmer ungehindert den Weg durchgehen k\u00f6nnen.<\/p>\n\n\n\n<figure class=\"wp-block-image size-large\"><img loading=\"lazy\" decoding=\"async\" width=\"730\" height=\"1024\" src=\"https:\/\/pmjecken.de\/wp-content\/uploads\/2025\/02\/2025_Veedelszoch-1-730x1024.png\" alt=\"\" class=\"wp-image-75\" srcset=\"https:\/\/pmjecken.de\/wp-content\/uploads\/2025\/02\/2025_Veedelszoch-1-730x1024.png 730w, https:\/\/pmjecken.de\/wp-content\/uploads\/2025\/02\/2025_Veedelszoch-1-214x300.png 214w, https:\/\/pmjecken.de\/wp-content\/uploads\/2025\/02\/2025_Veedelszoch-1-768x1077.png 768w, https:\/\/pmjecken.de\/wp-content\/uploads\/2025\/02\/2025_Veedelszoch-1-1095x1536.png 1095w, https:\/\/pmjecken.de\/wp-content\/uploads\/2025\/02\/2025_Veedelszoch-1-1460x2048.png 1460w, https:\/\/pmjecken.de\/wp-content\/uploads\/2025\/02\/2025_Veedelszoch-1-300x421.png 300w, https:\/\/pmjecken.de\/wp-content\/uploads\/2025\/02\/2025_Veedelszoch-1-850x1192.png 850w\" sizes=\"auto, (max-width: 730px) 100vw, 730px\" \/><\/figure>\n\n\n\n<p><\/p>\n<\/div><\/div>\n","protected":false},"excerpt":{"rendered":"<p>Am 01.03.2025 ist es wieder soweit! Ab 11 Uhr beginnt die Party vor dem Bunker, eher dann um 14:11 Uhr der Zug \u00fcber die Paulsm\u00fchlenstra\u00dfe sich auf seinen Weg begibt&#8230;.<\/p>\n","protected":false},"author":1,"featured_media":74,"comment_status":"open","ping_status":"open","sticky":false,"template":"","format":"standard","meta":{"footnotes":""},"categories":[4],"tags":[],"class_list":["post-52","post","type-post","status-publish","format-standard","has-post-thumbnail","hentry","category-termine"],"_links":{"self":[{"href":"https:\/\/pmjecken.de\/index.php?rest_route=\/wp\/v2\/posts\/52","targetHints":{"allow":["GET"]}}],"collection":[{"href":"https:\/\/pmjecken.de\/index.php?rest_route=\/wp\/v2\/posts"}],"about":[{"href":"https:\/\/pmjecken.de\/index.php?rest_route=\/wp\/v2\/types\/post"}],"author":[{"embeddable":true,"href":"https:\/\/pmjecken.de\/index.php?rest_route=\/wp\/v2\/users\/1"}],"replies":[{"embeddable":true,"href":"https:\/\/pmjecken.de\/index.php?rest_route=%2Fwp%2Fv2%2Fcomments&post=52"}],"version-history":[{"count":3,"href":"https:\/\/pmjecken.de\/index.php?rest_route=\/wp\/v2\/posts\/52\/revisions"}],"predecessor-version":[{"id":131,"href":"https:\/\/pmjecken.de\/index.php?rest_route=\/wp\/v2\/posts\/52\/revisions\/131"}],"wp:featuredmedia":[{"embeddable":true,"href":"https:\/\/pmjecken.de\/index.php?rest_route=\/wp\/v2\/media\/74"}],"wp:attachment":[{"href":"https:\/\/pmjecken.de\/index.php?rest_route=%2Fwp%2Fv2%2Fmedia&parent=52"}],"wp:term":[{"taxonomy":"category","embeddable":true,"href":"https:\/\/pmjecken.de\/index.php?rest_route=%2Fwp%2Fv2%2Fcategories&post=52"},{"taxonomy":"post_tag","embeddable":true,"href":"https:\/\/pmjecken.de\/index.php?rest_route=%2Fwp%2Fv2%2Ftags&post=52"}],"curies":[{"name":"wp","href":"https:\/\/api.w.org\/{rel}","templated":true}]}}